{"id":3398,"date":"2024-08-21T17:23:54","date_gmt":"2024-08-21T20:23:54","guid":{"rendered":"https:\/\/raks.com.br\/?p=3398"},"modified":"2024-08-21T17:57:32","modified_gmt":"2024-08-21T20:57:32","slug":"ceo-da-raks-recebe-premio-mit-innovators-under-35","status":"publish","type":"post","link":"https:\/\/raks.com.br\/en\/ceo-da-raks-recebe-premio-mit-innovators-under-35\/","title":{"rendered":"CEO da Raks Recebe Pr\u00eamio MIT Innovators Under 35"},"content":{"rendered":"<p><strong><a href=\"https:\/\/www.linkedin.com\/in\/ACoAAAXg7M8BnEp5t6pqyu8PeXF01DRIh9omryY\"><\/a>\u00c9 com grande orgulho que anunciamos que Fabiane Kuhn, cofundadora e CEO da Raks, foi reconhecida com o Pr\u00eamio MIT Innovators Under 35 na categoria ESG. Este pr\u00eamio prestigioso destacou o trabalho inovador de Fabiane e sua contribui\u00e7\u00e3o para um futuro mais sustent\u00e1vel.<\/strong><\/p>\n\n\n\n<div class=\"wp-block-image is-style-default\"><figure class=\"aligncenter size-large is-resized\"><img loading=\"lazy\" src=\"https:\/\/raks.com.br\/wp-content\/uploads\/2024\/08\/1723841272125-768x1024.jpeg\" alt=\"\" class=\"wp-image-3400\" width=\"384\" height=\"512\"\/><\/figure><\/div>\n\n\n\n<p>Desde 1999, a MIT Technology Review Global tem promovido uma premia\u00e7\u00e3o destinada a unir inventores, cientistas, pioneiros, vision\u00e1rios, humanit\u00e1rios e empreendedores que estejam desenvolvendo solu\u00e7\u00f5es inovadoras para fomentar transforma\u00e7\u00f5es positivas na sociedade.<\/p>\n\n\n\n<p>Considerada uma das premia\u00e7\u00f5es mais renomadas do mundo, o MIT Innovators Under 35 reconhece jovens talentos em diversas \u00e1reas, como Tecnologia, Sa\u00fade, Intelig\u00eancia Artificial, ESG, Artes e Neg\u00f3cios. Este ano, mais de 140 inscritos competiram por esse reconhecimento.<\/p>\n\n\n\n<p>Durante o Rio Innovation Week, Fabiane n\u00e3o apenas recebeu o pr\u00eamio, mas tamb\u00e9m participou de um painel com os outros vencedores da categoria ESG: Renato Paquet, da Polen, e Katrine Scomparin, da naPorta. O evento foi uma oportunidade \u00fanica para compartilhar vis\u00f5es e discutir o papel dos jovens inovadores na promo\u00e7\u00e3o de mudan\u00e7as ambientais e sociais significativas.<\/p>\n\n\n\n<div class=\"wp-block-image\"><figure class=\"aligncenter size-large is-resized\"><img loading=\"lazy\" src=\"https:\/\/raks.com.br\/wp-content\/uploads\/2024\/08\/53934755538_9a786c2dab_o-1024x683.jpg\" alt=\"\" class=\"wp-image-3399\" width=\"512\" height=\"342\" srcset=\"https:\/\/raks.com.br\/wp-content\/uploads\/2024\/08\/53934755538_9a786c2dab_o-1024x683.jpg 1024w, https:\/\/raks.com.br\/wp-content\/uploads\/2024\/08\/53934755538_9a786c2dab_o-300x200.jpg 300w, https:\/\/raks.com.br\/wp-content\/uploads\/2024\/08\/53934755538_9a786c2dab_o-768x512.jpg 768w, https:\/\/raks.com.br\/wp-content\/uploads\/2024\/08\/53934755538_9a786c2dab_o-1536x1024.jpg 1536w, https:\/\/raks.com.br\/wp-content\/uploads\/2024\/08\/53934755538_9a786c2dab_o-2048x1365.jpg 2048w, https:\/\/raks.com.br\/wp-content\/uploads\/2024\/08\/53934755538_9a786c2dab_o-16x12.jpg 16w\" sizes=\"(max-width: 512px) 100vw, 512px\" \/><figcaption>Foto: MIT Technology Review Brasil, 2024<\/figcaption><\/figure><\/div>\n\n\n\n<p>O reconhecimento concedido pelo MIT Innovators Under 35 refor\u00e7a que estamos no caminho certo, utilizando a tecnologia para criar impacto positivo no mundo. Tamb\u00e9m destaca o potencial dos jovens em fazer a diferen\u00e7a, inspirando futuras gera\u00e7\u00f5es a buscar inova\u00e7\u00f5es que transformem a sociedade para melhor.<\/p>\n\n\n\n<p>Conhe\u00e7a todos os vencedores: <\/p>\n\n\n\n<p><strong>Tecnologia<\/strong><\/p>\n\n\n\n<p>Luiz Fernando da Silva Borges \u2013 Kortex Corp.<\/p>\n\n\n\n<p>Hudson Miranda \u2013 Nanosc\u00f3pio.<\/p>\n\n\n\n<p>Duda Franklin \u2013 Orby, Co.<\/p>\n\n\n\n<p><strong>Sa\u00fade<\/strong><\/p>\n\n\n\n<p>Manoela Mitchell \u2013 Pipo Sa\u00fade.<\/p>\n\n\n\n<p>Taci Pereira \u2013 Systemic Bio.<\/p>\n\n\n\n<p>Daniel Dahis \u2013 Biodevek.<\/p>\n\n\n\n<p>Arthur Lima \u2013 AfroSa\u00fade.<\/p>\n\n\n\n<p><strong>Neg\u00f3cios<\/strong><\/p>\n\n\n\n<p>Heloisa Passos de Sousa \u2013 Trexx.<\/p>\n\n\n\n<p>Nathan Janovich \u2013 Rentbrella.<\/p>\n\n\n\n<p>Danielle Caroline Marques Pereira \u2013 Do Sil\u00eancio ao Sil\u00edcio.<\/p>\n\n\n\n<p><strong>Intelig\u00eancia Artificial<\/strong><\/p>\n\n\n\n<p>Matheus Farias \u2013 iOwIT.<\/p>\n\n\n\n<p>Guilherme Baggio Zuanazzi \u2013 Aprix.<\/p>\n\n\n\n<p>Pedro Henrique Braz Silva \u2013 BlackDeal.<\/p>\n\n\n\n<p><strong>ESG<\/strong><\/p>\n\n\n\n<p>Renato Paquet \u2013 Polen.<\/p>\n\n\n\n<p>Fabiane Kuhn \u2013 Raks Tecnologia Agr\u00edcola.<\/p>\n\n\n\n<p>Katrine Scomparin \u2013 naPorta.<\/p>\n\n\n\n<p><strong>Artes<\/strong><\/p>\n\n\n\n<p>Gabriel Guimar\u00e3es \u2013 Contato-01.<\/p>\n\n\n\n<p>Victor Catta Preta de Toledo \u2013 Sinergia Criativa.<\/p>\n\n\n\n<p><\/p>\n\n\n\n<div class=\"wp-block-image\"><figure class=\"aligncenter size-large is-resized\"><img loading=\"lazy\" src=\"https:\/\/raks.com.br\/wp-content\/uploads\/2024\/08\/53934764653_3dc1a4b4c2_o-1024x683.jpg\" alt=\"\" class=\"wp-image-3401\" width=\"768\" height=\"512\" srcset=\"https:\/\/raks.com.br\/wp-content\/uploads\/2024\/08\/53934764653_3dc1a4b4c2_o-1024x683.jpg 1024w, https:\/\/raks.com.br\/wp-content\/uploads\/2024\/08\/53934764653_3dc1a4b4c2_o-300x200.jpg 300w, https:\/\/raks.com.br\/wp-content\/uploads\/2024\/08\/53934764653_3dc1a4b4c2_o-768x512.jpg 768w, https:\/\/raks.com.br\/wp-content\/uploads\/2024\/08\/53934764653_3dc1a4b4c2_o-1536x1024.jpg 1536w, https:\/\/raks.com.br\/wp-content\/uploads\/2024\/08\/53934764653_3dc1a4b4c2_o-2048x1365.jpg 2048w, https:\/\/raks.com.br\/wp-content\/uploads\/2024\/08\/53934764653_3dc1a4b4c2_o-16x12.jpg 16w\" sizes=\"(max-width: 768px) 100vw, 768px\" \/><figcaption>Foto: MIT Technology Review Brasil, 2024<\/figcaption><\/figure><\/div>","protected":false},"excerpt":{"rendered":"<p>\u00c9 com grande orgulho que anunciamos que Fabiane Kuhn, cofundadora e CEO da Raks, foi reconhecida com o Pr\u00eamio MIT Innovators Under 35 na categoria ESG. Este pr\u00eamio prestigioso destacou o trabalho inovador de Fabiane e sua contribui\u00e7\u00e3o para um futuro mais sustent\u00e1vel. Desde 1999, a MIT Technology Review Global tem promovido uma premia\u00e7\u00e3o destinada &hellip;<\/p>\n<p class=\"read-more\"> <a class=\"\" href=\"https:\/\/raks.com.br\/en\/ceo-da-raks-recebe-premio-mit-innovators-under-35\/\"> <span class=\"screen-reader-text\">CEO da Raks Recebe Pr\u00eamio MIT Innovators Under 35<\/span> Read More \u00bb<\/a><\/p>","protected":false},"author":11,"featured_media":3404,"comment_status":"open","ping_status":"open","sticky":false,"template":"","format":"standard","meta":[],"categories":[8,9,14],"tags":[87,88,89],"yst_prominent_words":[],"_links":{"self":[{"href":"https:\/\/raks.com.br\/en\/wp-json\/wp\/v2\/posts\/3398"}],"collection":[{"href":"https:\/\/raks.com.br\/en\/wp-json\/wp\/v2\/posts"}],"about":[{"href":"https:\/\/raks.com.br\/en\/wp-json\/wp\/v2\/types\/post"}],"author":[{"embeddable":true,"href":"https:\/\/raks.com.br\/en\/wp-json\/wp\/v2\/users\/11"}],"replies":[{"embeddable":true,"href":"https:\/\/raks.com.br\/en\/wp-json\/wp\/v2\/comments?post=3398"}],"version-history":[{"count":2,"href":"https:\/\/raks.com.br\/en\/wp-json\/wp\/v2\/posts\/3398\/revisions"}],"predecessor-version":[{"id":3405,"href":"https:\/\/raks.com.br\/en\/wp-json\/wp\/v2\/posts\/3398\/revisions\/3405"}],"wp:featuredmedia":[{"embeddable":true,"href":"https:\/\/raks.com.br\/en\/wp-json\/wp\/v2\/media\/3404"}],"wp:attachment":[{"href":"https:\/\/raks.com.br\/en\/wp-json\/wp\/v2\/media?parent=3398"}],"wp:term":[{"taxonomy":"category","embeddable":true,"href":"https:\/\/raks.com.br\/en\/wp-json\/wp\/v2\/categories?post=3398"},{"taxonomy":"post_tag","embeddable":true,"href":"https:\/\/raks.com.br\/en\/wp-json\/wp\/v2\/tags?post=3398"},{"taxonomy":"yst_prominent_words","embeddable":true,"href":"https:\/\/raks.com.br\/en\/wp-json\/wp\/v2\/yst_prominent_words?post=3398"}],"curies":[{"name":"wp","href":"https:\/\/api.w.org\/{rel}","templated":true}]}}