{"id":2409,"date":"2021-12-23T17:26:43","date_gmt":"2021-12-23T20:26:43","guid":{"rendered":"https:\/\/raks.com.br\/?p=2409"},"modified":"2021-12-23T17:40:07","modified_gmt":"2021-12-23T20:40:07","slug":"cop26-agronegocio","status":"publish","type":"post","link":"https:\/\/raks.com.br\/en\/cop26-agronegocio\/","title":{"rendered":"COP26: as principais discuss\u00f5es para o agroneg\u00f3cio do futuro"},"content":{"rendered":"<div data-elementor-type=\"wp-post\" data-elementor-id=\"2409\" class=\"elementor elementor-2409\" data-elementor-settings=\"[]\">\n\t\t\t\t\t\t<div class=\"elementor-inner\">\n\t\t\t\t\t\t\t<div class=\"elementor-section-wrap\">\n\t\t\t\t\t\t\t<section class=\"elementor-section elementor-top-section elementor-element elementor-element-260ceef elementor-section-boxed elementor-section-height-default elementor-section-height-default\" data-id=\"260ceef\" data-element_type=\"section\">\n\t\t\t\t\t\t<div class=\"elementor-container elementor-column-gap-default\">\n\t\t\t\t\t\t\t<div class=\"elementor-row\">\n\t\t\t\t\t<div class=\"elementor-column elementor-col-100 elementor-top-column elementor-element elementor-element-6432a07\" data-id=\"6432a07\" data-element_type=\"column\">\n\t\t\t<div class=\"elementor-column-wrap elementor-element-populated\">\n\t\t\t\t\t\t\t<div class=\"elementor-widget-wrap\">\n\t\t\t\t\t\t<div class=\"elementor-element elementor-element-afc78bd elementor-widget elementor-widget-text-editor\" data-id=\"afc78bd\" data-element_type=\"widget\" data-widget_type=\"text-editor.default\">\n\t\t\t\t<div class=\"elementor-widget-container\">\n\t\t\t\t\t<div class=\"elementor-text-editor elementor-clearfix\"><p><img loading=\"lazy\" class=\"aligncenter wp-image-2411 size-full\" src=\"https:\/\/raks.com.br\/wp-content\/uploads\/2021\/12\/COP26-UK-Presidency-678x381-1.jpg\" alt=\"\" width=\"678\" height=\"381\" srcset=\"https:\/\/raks.com.br\/wp-content\/uploads\/2021\/12\/COP26-UK-Presidency-678x381-1.jpg 678w, https:\/\/raks.com.br\/wp-content\/uploads\/2021\/12\/COP26-UK-Presidency-678x381-1-300x169.jpg 300w, https:\/\/raks.com.br\/wp-content\/uploads\/2021\/12\/COP26-UK-Presidency-678x381-1-16x9.jpg 16w\" sizes=\"(max-width: 678px) 100vw, 678px\" \/><\/p><p><span style=\"font-weight: 400;\">As mudan\u00e7as clim\u00e1ticas dos \u00faltimos anos v\u00eam preocupando especialistas e autoridades do mundo inteiro.<\/span><span style=\"font-weight: 400;\">\u00a0<\/span><\/p><p><span style=\"font-weight: 400;\">Segundo <\/span><a href=\"https:\/\/www.wri.org\/insights\/ipcc-climate-report\"><span style=\"font-weight: 400;\">o sexto relat\u00f3rio do Painel Intergovernamental sobre Mudan\u00e7as Clim\u00e1ticas (IPCC)<\/span><\/a><span style=\"font-weight: 400;\">, a \u00faltima d\u00e9cada foi <\/span><b>mais quente<\/b><span style=\"font-weight: 400;\"> do que qualquer outro per\u00edodo dos \u00faltimos 125 mil anos.\u00a0<\/span><\/p><p><span style=\"font-weight: 400;\">Assim, ainda de acordo com o relat\u00f3rio, nenhuma regi\u00e3o do planeta permanecer\u00e1 intocada pelos impactos dessas mudan\u00e7as, resultando em grandes <\/span><b>custos humanos e econ\u00f4micos<\/b><span style=\"font-weight: 400;\">.<\/span><\/p><p><span style=\"font-weight: 400;\">\u00c9 por isso que, em novembro de 2021, Glasgow, na Esc\u00f3cia, foi palco da 26\u00aa edi\u00e7\u00e3o da <\/span><b>Confer\u00eancia das Na\u00e7\u00f5es Unidas sobre as Mudan\u00e7as Clim\u00e1ticas (COP)<\/b><span style=\"font-weight: 400;\">.\u00a0<\/span><\/p><p><span style=\"font-weight: 400;\">A <\/span><b>COP26<\/b><span style=\"font-weight: 400;\"> foi a maior realizada at\u00e9 hoje: reuniu 120 l\u00edderes mundiais e mais de 38.000 participantes. E todos com um \u00fanico objetivo: discutir <\/span><b>alternativas <\/b><span style=\"font-weight: 400;\">para <\/span><b>minimizar <\/b><span style=\"font-weight: 400;\">as causas e as consequ\u00eancias das mudan\u00e7as clim\u00e1ticas.<\/span><\/p><p><span style=\"font-weight: 400;\">Nesse sentido, a <\/span><b>agricultura <\/b><span style=\"font-weight: 400;\">n\u00e3o ficou de fora: dentre os assuntos abordados, destacaram-se as iniciativas para otimizar a pr\u00e1tica agr\u00edcola ao redor do mundo, tornando-a mais <\/span><b>eficiente <\/b><span style=\"font-weight: 400;\">e ainda mais <\/span><b>sustent\u00e1vel<\/b><span style=\"font-weight: 400;\">.<\/span><\/p><p><span style=\"font-weight: 400;\">Neste artigo, voc\u00ea vai ficar por dentro das <\/span><b>principais quest\u00f5es discutidas na COP 26 <\/b><span style=\"font-weight: 400;\">em rela\u00e7\u00e3o ao agroneg\u00f3cio, o que nosso pa\u00eds j\u00e1 vem desenvolvendo nesse quesito e quais ser\u00e3o os desafios e metas para os pr\u00f3ximos anos.<\/span><\/p><p>\u00a0<\/p><h2>O Brasil na COP26<\/h2><p>\u00a0<\/p><p><span style=\"font-weight: 400;\">Entre os dias 1 e 12 de novembro de 2021, a COP26 reuniu representantes dos <\/span><b>196 <\/b><span style=\"font-weight: 400;\">pa\u00edses signat\u00e1rios do Acordo de Paris.\u00a0<\/span><\/p><p><span style=\"font-weight: 400;\">Nesse cen\u00e1rio, <\/span><a href=\"https:\/\/www.gov.br\/pt-br\/noticias\/meio-ambiente-e-clima\/2021\/10\/brasil-participa-da-cop26-conferencia-para-discutir-meio-ambiente-e-clima\"><span style=\"font-weight: 400;\">o Brasil<\/span> <span style=\"font-weight: 400;\">marcou presen\u00e7a como uma das maiores delega\u00e7\u00f5es inscritas<\/span><\/a><span style=\"font-weight: 400;\">, reunindo autoridades como governadores, prefeitos, senadores, representantes da ind\u00fastria e porta-vozes da agricultura nacional.<\/span><\/p><p><span style=\"font-weight: 400;\">Dentre os assuntos discutidos, estiveram a\u00e7\u00f5es de <\/span><b>desenvolvimento <\/b><span style=\"font-weight: 400;\">and <\/span><b>preserva\u00e7\u00e3o <\/b><span style=\"font-weight: 400;\">do meio ambiente, emiss\u00e3o de gases que provocam efeito estufa e aquecimento global.<\/span><\/p><p><span style=\"font-weight: 400;\">No \u00e2mbito da agricultura, foram discutidas alternativas de sustentabilidade atrav\u00e9s de solu\u00e7\u00f5es que englobam <\/span><b>ci\u00eancia<\/b><span style=\"font-weight: 400;\">, <\/span><b>tecnologia <\/b><span style=\"font-weight: 400;\">and <\/span><b>inova\u00e7\u00e3o<\/b><span style=\"font-weight: 400;\">.<\/span><\/p><p>\u00a0<\/p><h2>A agricultura e as mudan\u00e7as clim\u00e1ticas<\/h2><p>\u00a0<\/p><p><span style=\"font-weight: 400;\">Uma coisa \u00e9 certa: <\/span><b>agricultura <\/b><span style=\"font-weight: 400;\">and <\/span><b>clima <\/b><span style=\"font-weight: 400;\">andam de m\u00e3os dadas. Fatores clim\u00e1ticos como temperatura, chuva, umidade, ventos e radia\u00e7\u00e3o solar influenciam diretamente na produ\u00e7\u00e3o agr\u00edcola, podendo trazer s\u00e9rios preju\u00edzos.<\/span><\/p><p><span style=\"font-weight: 400;\">Assim, de acordo com um estudo publicado pela <\/span><a href=\"https:\/\/www.nature.com\/natfood\/\"><span style=\"font-weight: 400;\">Nature Food<\/span><\/a><span style=\"font-weight: 400;\">, os eventos de calor e seca causados pelas mudan\u00e7as clim\u00e1ticas podem coincidir com mais frequ\u00eancia, trazendo <\/span><b>consequ\u00eancias negativas para a agricultura<\/b><span style=\"font-weight: 400;\">.<\/span><\/p><p><span style=\"font-weight: 400;\">Outro desafio enfrentado pelo agroneg\u00f3cio \u00e9 a emiss\u00e3o dos gases do efeito estufa, como o di\u00f3xido de carbono, \u00f3xido nitroso e metano. De todo o CO\u00b2 liberado pelo Brasil, <\/span><a href=\"https:\/\/plataforma.seeg.eco.br\/total_emission#\"><span style=\"font-weight: 400;\">72% vem das atividades agropecu\u00e1rias<\/span><\/a><span style=\"font-weight: 400;\">.<\/span><\/p><p><span style=\"font-weight: 400;\">Entretanto, \u00e9 importante observar que essas emiss\u00f5es podem ser reduzidas<\/span><b>, e o Brasil tem servido de modelo para outros pa\u00edses nesse quesito, <\/b><span style=\"font-weight: 400;\">como veremos mais adiante<\/span><b>.<\/b><\/p><p><span style=\"font-weight: 400;\">Assim, de acordo com o IPCC, o setor agr\u00edcola pode contribuir, at\u00e9 2030, com uma redu\u00e7\u00e3o entre 20% e 60% na libera\u00e7\u00e3o dos gases do efeito estufa.<\/span><\/p><p>\u00a0<\/p><h3>Os desafios para os pr\u00f3ximos anos<\/h3><p>\u00a0<\/p><p><span style=\"font-weight: 400;\">\u00c9 poss\u00edvel destacar que, durante a <\/span><b>COP26<\/b><span style=\"font-weight: 400;\">, foram discutidos 3 pontos principais no que tange ao setor agr\u00edcola como agente minimizador das mudan\u00e7as clim\u00e1ticas. S\u00e3o eles: <\/span><b>emiss\u00e3o de gases<\/b><span style=\"font-weight: 400;\">, <\/span><b>preserva\u00e7\u00e3o florestal <\/b><span style=\"font-weight: 400;\">and <\/span><b>tecnologia no campo<\/b><span style=\"font-weight: 400;\">.<\/span><\/p><p>\u00a0<\/p><h4>Emiss\u00e3o de gases<\/h4><p>\u00a0<\/p><p><span style=\"font-weight: 400;\">Durante o evento, mais de 100 pa\u00edses assinaram o <\/span><b>Compromisso Global de Metano<\/b><span style=\"font-weight: 400;\"> para reduzir as emiss\u00f5es globais do g\u00e1s em 30% at\u00e9 o ano de 2030. Isso inclui seis dos dez maiores emissores de metano do mundo: Estados Unidos, Brasil, Uni\u00e3o Europeia, Indon\u00e9sia, Paquist\u00e3o e Argentina.<\/span><\/p><p><span style=\"font-weight: 400;\">Assim, na agropecu\u00e1ria, a <\/span><b>Embrapa (Empresa Brasileira de Pesquisa Agropecu\u00e1ria) <\/b><a href=\"https:\/\/www.embrapa.br\/busca-de-noticias\/-\/noticia\/66161724\/cop26-embrapa-mostra-tecnologias-da-agricultura-de-baixa-emissao-de-carbono-no-brasil\"><span style=\"font-weight: 400;\">apresentou solu\u00e7\u00f5es para diminuir as emiss\u00f5es de metano no Brasil.<\/span><\/a><span style=\"font-weight: 400;\"> Uma delas consiste no <\/span><b>melhoramento gen\u00e9tico<\/b><span style=\"font-weight: 400;\"> da pastagem para produzir um capim que seja <\/span><b>mais diger\u00edvel <\/b><span style=\"font-weight: 400;\">dentro do est\u00f4mago dos animais.<\/span><\/p><p><span style=\"font-weight: 400;\">Em se tratando da produ\u00e7\u00e3o de alimentos, segundo especialistas das Na\u00e7\u00f5es Unidas, nas culturas b\u00e1sicas como arroz em casca \u00e9 poss\u00edvel o uso de <\/span><b>alternativas de umedecimento e secagem<\/b><span style=\"font-weight: 400;\"> que poderiam <\/span><b>reduzir pela metade<\/b><span style=\"font-weight: 400;\"> as emiss\u00f5es do g\u00e1s.<\/span><\/p><p><span style=\"font-weight: 400;\">Nesse cen\u00e1rio, o Minist\u00e9rio da Agricultura apresentou a segunda etapa do <\/span><b>Plano ABC+<\/b><span style=\"font-weight: 400;\">, que consiste nas <\/span><a href=\"https:\/\/www.gov.br\/pt-br\/noticias\/agricultura-e-pecuaria\/2021\/10\/plano-abc-tem-metas-para-reduzir-a-emissao-de-gases-de-efeito-estufa-na-agropecuaria\"><span style=\"font-weight: 400;\">tecnologias de baixa emiss\u00e3o de carbono praticadas pela agropecu\u00e1ria brasileira<\/span><\/a><span style=\"font-weight: 400;\">. O objetivo \u00e9 dissemin\u00e1-las a mais de 72 milh\u00f5es de hectares de terras agricult\u00e1veis.<\/span><\/p><p>\u00a0<\/p><h4>Preserva\u00e7\u00e3o florestal<\/h4><p>\u00a0<\/p><p><b><span style=\"font-weight: 400;\">Especialistas agr\u00f4nomos e entidades como a Embrapa alertam que a <\/span>destrui\u00e7\u00e3o da vegeta\u00e7\u00e3o nativa<\/b><span style=\"font-weight: 400;\"> tem grande potencial para prejudicar diretamente o agroneg\u00f3cio no Brasil. Um exemplo disso \u00e9 a atual <\/span><a href=\"https:\/\/raks.com.br\/en\/crise-hidrica-no-brasil\/\"><span style=\"font-weight: 400;\">crise h\u00eddrica que acomete o pa\u00eds, sendo a pior registrada nos \u00faltimos 91 anos<\/span><\/a><span style=\"font-weight: 400;\">.<\/span><\/p><p><span style=\"font-weight: 400;\">Nesse sentido, o Brasil \u00e9 um dos pa\u00edses do mundo que <\/span><b>mais desenvolve iniciativas <\/b><span style=\"font-weight: 400;\">para ajudar a preservar a mata nativa.<\/span><\/p><p><span style=\"font-weight: 400;\">Durante a COP26, no painel <\/span><b>&#8220;Pol\u00edticas P\u00fablicas para Preserva\u00e7\u00e3o e Recupera\u00e7\u00e3o Florestal&#8221;<\/b><span style=\"font-weight: 400;\">, o Servi\u00e7o Florestal Brasileiro abordou a implementa\u00e7\u00e3o do C\u00f3digo Florestal no Brasil atrav\u00e9s do Cadastro Ambiental Rural, do Programa de Regulariza\u00e7\u00e3o Ambiental e de incentivos econ\u00f4micos para a recupera\u00e7\u00e3o e preserva\u00e7\u00e3o das florestas.<\/span><\/p><p><span style=\"font-weight: 400;\">De acordo com o diretor de Regulariza\u00e7\u00e3o Ambiental, Jo\u00e3o Adrien, a pol\u00edtica do C\u00f3digo Florestal, implementada desde 2012, tem sido uma importante contribui\u00e7\u00e3o para solucionar o desafio de <\/span><b>garantir a preserva\u00e7\u00e3o aliada \u00e0 produ\u00e7\u00e3o agropecu\u00e1ria<\/b><span style=\"font-weight: 400;\">.<\/span><\/p><p><span style=\"font-weight: 400;\">Assim, a previs\u00e3o de recupera\u00e7\u00e3o em propriedades rurais por meio do Programa de Regulariza\u00e7\u00e3o Ambiental \u00e9 de <\/span><b>34,4 milh\u00f5es de hectares<\/b><span style=\"font-weight: 400;\"> de reserva legal nos pr\u00f3ximos 20 anos.\u00a0<\/span><\/p><p>\u00a0<\/p><h4>Tecnologia no campo<\/h4><p>\u00a0<\/p><p><span style=\"font-weight: 400;\">Irm\u00e3 da sustentabilidade, a <\/span><b>agricultura digital<\/b><span style=\"font-weight: 400;\"> vem n\u00e3o apenas para facilitar o dia a dia do produtor, mas para contribuir com a <\/span><b>preserva\u00e7\u00e3o do meio ambiente<\/b><span style=\"font-weight: 400;\">.<\/span><\/p><p><span style=\"font-weight: 400;\">O Minist\u00e9rio da Agricultura, Pecu\u00e1ria e Abastecimento (MAPA) estima que melhores conex\u00f5es com a internet poderiam <\/span><b>aumentar em 25%<\/b><span style=\"font-weight: 400;\"> as op\u00e7\u00f5es de conectividade das propriedades rurais.<\/span><\/p><p><span style=\"font-weight: 400;\">Esse melhor acesso \u00e0 conex\u00e3o <\/span><b>melhoraria a opera\u00e7\u00e3o remota<\/b><span style=\"font-weight: 400;\"> de equipamentos como drones, tratores e colheitadeiras, impedindo roubos, detectando inc\u00eandios e outras ocorr\u00eancias.<\/span><\/p><p><span style=\"font-weight: 400;\">Para o secret\u00e1rio de Inova\u00e7\u00e3o, Desenvolvimento Sustent\u00e1vel e Irriga\u00e7\u00e3o do MAPA, Fernando Camargo, o Brasil precisa <\/span><b>popularizar <\/b><span style=\"font-weight: 400;\">a tecnologia entre os <\/span><b>grandes<\/b><span style=\"font-weight: 400;\"> and <\/span><b>pequenos<\/b><span style=\"font-weight: 400;\"> produtores.<\/span><\/p><p><span style=\"font-weight: 400;\">De acordo com o secret\u00e1rio durante sua participa\u00e7\u00e3o na COP26, o grande desafio \u00e9 fazer chegar <\/span><b>o melhor da ci\u00eancia, dos produtos e das novas tecnologias<\/b><span style=\"font-weight: 400;\"> a todos os profissionais do campo. Ainda segundo ele, <\/span><a href=\"https:\/\/www.gov.br\/pt-br\/noticias\/agricultura-e-pecuaria\/2021\/11\/brasil-apresentou-agronegocio-tecnologico-e-limpo-na-cop26\"><span style=\"font-weight: 400;\">boa parte dos 6 milh\u00f5es de agricultores brasileiros n\u00e3o t\u00eam acesso \u00e0 tecnologia<\/span><\/a><span style=\"font-weight: 400;\">.<\/span><\/p><p>\u00a0<\/p><h2>Produza mais com menos recursos<\/h2><p>\u00a0<\/p><p><span style=\"font-weight: 400;\">Diante desse cen\u00e1rio, <\/span><a href=\"https:\/\/raks.com.br\/en\/o-que-e-esg\/\"><span style=\"font-weight: 400;\">ancorada pelos pilares ESG<\/span><\/a><span style=\"font-weight: 400;\">, a Raks contribui diretamente para uma agricultura mais <\/span><b>sustent\u00e1vel<\/b><span style=\"font-weight: 400;\">, tendo recebido, recentemente, o <\/span><a href=\"https:\/\/www.instagram.com\/p\/CXpOJt4F7MP\/\"><span style=\"font-weight: 400;\">Selo Ilmpact 2021<\/span><\/a><span style=\"font-weight: 400;\">, que reconhece neg\u00f3cios de impacto socioambiental na Am\u00e9rica Latina.<\/span><\/p><p><img loading=\"lazy\" class=\"aligncenter wp-image-2412 size-large\" src=\"https:\/\/raks.com.br\/wp-content\/uploads\/2021\/12\/WhatsApp-Image-2021-12-16-at-08.22.47-1024x614.jpeg\" alt=\"\" width=\"1024\" height=\"614\" srcset=\"https:\/\/raks.com.br\/wp-content\/uploads\/2021\/12\/WhatsApp-Image-2021-12-16-at-08.22.47-1024x614.jpeg 1024w, https:\/\/raks.com.br\/wp-content\/uploads\/2021\/12\/WhatsApp-Image-2021-12-16-at-08.22.47-300x180.jpeg 300w, https:\/\/raks.com.br\/wp-content\/uploads\/2021\/12\/WhatsApp-Image-2021-12-16-at-08.22.47-768x460.jpeg 768w, https:\/\/raks.com.br\/wp-content\/uploads\/2021\/12\/WhatsApp-Image-2021-12-16-at-08.22.47-16x10.jpeg 16w, https:\/\/raks.com.br\/wp-content\/uploads\/2021\/12\/WhatsApp-Image-2021-12-16-at-08.22.47.jpeg 1280w\" sizes=\"(max-width: 1024px) 100vw, 1024px\" \/><\/p><p><span style=\"font-weight: 400;\">Norteados pelos conceitos de sustentabilidade, inova\u00e7\u00e3o e efici\u00eancia, desenvolvemos o <\/span><b>sistema Raks de monitoramento da umidade do solo<\/b><span style=\"font-weight: 400;\">, buscando fazer com que o produtor produza mais alimentos com menos recursos h\u00eddricos e energ\u00e9ticos.\u00a0<\/span><\/p><p><span style=\"font-weight: 400;\">Atrav\u00e9s de <\/span><b>sensores <\/b><span style=\"font-weight: 400;\">com <\/span><b>tecnologia TDR<\/b><span style=\"font-weight: 400;\"> que medem a umidade do solo em tempo real, nosso sistema diz, com precis\u00e3o, de onde voc\u00ea estiver, <\/span><b>when <\/b><span style=\"font-weight: 400;\">and <\/span><b>how <\/b><span style=\"font-weight: 400;\">irrigar sua lavoura.<\/span><\/p><p><span style=\"font-weight: 400;\">Quer saber mais? <\/span><a href=\"https:\/\/raks.com.br\/en\/manejo-de-irrigacao-quando-e-quanto\/\"><b>Clique aqui<\/b><\/a> <span style=\"font-weight: 400;\">e conhe\u00e7a o sistema da Raks.<\/span><\/p><\/div>\n\t\t\t\t<\/div>\n\t\t\t\t<\/div>\n\t\t\t\t\t\t<\/div>\n\t\t\t\t\t<\/div>\n\t\t<\/div>\n\t\t\t\t\t\t\t\t<\/div>\n\t\t\t\t\t<\/div>\n\t\t<\/section>\n\t\t\t\t\t\t<\/div>\n\t\t\t\t\t\t<\/div>\n\t\t\t\t\t<\/div>","protected":false},"excerpt":{"rendered":"<p>As mudan\u00e7as clim\u00e1ticas dos \u00faltimos anos v\u00eam preocupando especialistas e autoridades do mundo inteiro.&nbsp; Segundo o sexto relat\u00f3rio do Painel Intergovernamental sobre Mudan\u00e7as Clim\u00e1ticas (IPCC), a \u00faltima d\u00e9cada foi mais quente do que qualquer outro per\u00edodo dos \u00faltimos 125 mil anos.&nbsp; Assim, ainda de acordo com o relat\u00f3rio, nenhuma regi\u00e3o do planeta permanecer\u00e1 intocada pelos &hellip;<\/p>\n<p class=\"read-more\"> <a class=\"\" href=\"https:\/\/raks.com.br\/en\/cop26-agronegocio\/\"> <span class=\"screen-reader-text\">COP26: as principais discuss\u00f5es para o agroneg\u00f3cio do futuro<\/span> Read More \u00bb<\/a><\/p>","protected":false},"author":11,"featured_media":2411,"comment_status":"open","ping_status":"open","sticky":false,"template":"","format":"standard","meta":[],"categories":[6,1],"tags":[57,55,56,47,51],"yst_prominent_words":[],"_links":{"self":[{"href":"https:\/\/raks.com.br\/en\/wp-json\/wp\/v2\/posts\/2409"}],"collection":[{"href":"https:\/\/raks.com.br\/en\/wp-json\/wp\/v2\/posts"}],"about":[{"href":"https:\/\/raks.com.br\/en\/wp-json\/wp\/v2\/types\/post"}],"author":[{"embeddable":true,"href":"https:\/\/raks.com.br\/en\/wp-json\/wp\/v2\/users\/11"}],"replies":[{"embeddable":true,"href":"https:\/\/raks.com.br\/en\/wp-json\/wp\/v2\/comments?post=2409"}],"version-history":[{"count":8,"href":"https:\/\/raks.com.br\/en\/wp-json\/wp\/v2\/posts\/2409\/revisions"}],"predecessor-version":[{"id":2419,"href":"https:\/\/raks.com.br\/en\/wp-json\/wp\/v2\/posts\/2409\/revisions\/2419"}],"wp:featuredmedia":[{"embeddable":true,"href":"https:\/\/raks.com.br\/en\/wp-json\/wp\/v2\/media\/2411"}],"wp:attachment":[{"href":"https:\/\/raks.com.br\/en\/wp-json\/wp\/v2\/media?parent=2409"}],"wp:term":[{"taxonomy":"category","embeddable":true,"href":"https:\/\/raks.com.br\/en\/wp-json\/wp\/v2\/categories?post=2409"},{"taxonomy":"post_tag","embeddable":true,"href":"https:\/\/raks.com.br\/en\/wp-json\/wp\/v2\/tags?post=2409"},{"taxonomy":"yst_prominent_words","embeddable":true,"href":"https:\/\/raks.com.br\/en\/wp-json\/wp\/v2\/yst_prominent_words?post=2409"}],"curies":[{"name":"wp","href":"https:\/\/api.w.org\/{rel}","templated":true}]}}